{"id":856,"date":"2013-07-08T18:37:07","date_gmt":"2013-07-08T16:37:07","guid":{"rendered":"http:\/\/www.revarrhone.org\/?p=856"},"modified":"2013-07-08T18:37:07","modified_gmt":"2013-07-08T16:37:07","slug":"evaluation-de-lamenagement-cyclable-lyonnais-en-termes-de-securite-routiere","status":"publish","type":"post","link":"https:\/\/www.revarrhone.org\/index.php\/2013\/07\/08\/evaluation-de-lamenagement-cyclable-lyonnais-en-termes-de-securite-routiere\/","title":{"rendered":"\u00c9valuation de l\u2019am\u00e9nagement cyclable lyonnais (en termes de s\u00e9curit\u00e9 routi\u00e8re)"},"content":{"rendered":"<p>L\u2019objectif \u00e9tait l\u2019\u00e9valuation de l\u2019impact d\u2019un am\u00e9nagement cyclable sur la s\u00e9curit\u00e9 des d\u00e9placements (am\u00e9nagement r\u00e9alis\u00e9 en 1999 sur le cours Gambetta, Lyon 3<sup>\u00e8me<\/sup> et 7<sup>\u00e8me<\/sup> arrondissements)\u00a0;<\/p>\n<p>Le Registre a constitu\u00e9 l\u2019une des deux sources de recensement des accidents.<\/p>\n<p>Il s\u2019agissait d\u2019une \u00e9tude descriptive (avant-apr\u00e8s) et qualitative. Elle s\u2019est d\u00e9roul\u00e9e de juin 2005 \u00e0 avril 2007. Elle s\u2019est d\u00e9velopp\u00e9e dans le cadre d\u2019une collaboration avec le <a title=\"CETE Lyon\" href=\"http:\/\/www.centre-est.cerema.fr\/\">CETE de Lyon<\/a>.<\/p>\n","protected":false},"excerpt":{"rendered":"<p>L\u2019objectif \u00e9tait l\u2019\u00e9valuation de l\u2019impact d\u2019un am\u00e9nagement cyclable sur la s\u00e9curit\u00e9 des d\u00e9placements (am\u00e9nagement r\u00e9alis\u00e9 en 1999 sur le cours Gambetta, Lyon 3\u00e8me et 7\u00e8me arrondissements)\u00a0; Le Registre a constitu\u00e9 l\u2019une des deux sources de recensement des accidents. Il s\u2019agissait &hellip; <\/p>\n","protected":false},"author":1,"featured_media":0,"comment_status":"closed","ping_status":"open","sticky":false,"template":"","format":"standard","meta":{"footnotes":""},"categories":[9],"tags":[],"class_list":["post-856","post","type-post","status-publish","format-standard","hentry","category-travaux-de-recherche","latest_post"],"_links":{"self":[{"href":"https:\/\/www.revarrhone.org\/index.php\/wp-json\/wp\/v2\/posts\/856","targetHints":{"allow":["GET"]}}],"collection":[{"href":"https:\/\/www.revarrhone.org\/index.php\/wp-json\/wp\/v2\/posts"}],"about":[{"href":"https:\/\/www.revarrhone.org\/index.php\/wp-json\/wp\/v2\/types\/post"}],"author":[{"embeddable":true,"href":"https:\/\/www.revarrhone.org\/index.php\/wp-json\/wp\/v2\/users\/1"}],"replies":[{"embeddable":true,"href":"https:\/\/www.revarrhone.org\/index.php\/wp-json\/wp\/v2\/comments?post=856"}],"version-history":[{"count":0,"href":"https:\/\/www.revarrhone.org\/index.php\/wp-json\/wp\/v2\/posts\/856\/revisions"}],"wp:attachment":[{"href":"https:\/\/www.revarrhone.org\/index.php\/wp-json\/wp\/v2\/media?parent=856"}],"wp:term":[{"taxonomy":"category","embeddable":true,"href":"https:\/\/www.revarrhone.org\/index.php\/wp-json\/wp\/v2\/categories?post=856"},{"taxonomy":"post_tag","embeddable":true,"href":"https:\/\/www.revarrhone.org\/index.php\/wp-json\/wp\/v2\/tags?post=856"}],"curies":[{"name":"wp","href":"https:\/\/api.w.org\/{rel}","templated":true}]}}