{"id":850,"date":"2013-07-08T18:11:28","date_gmt":"2013-07-08T16:11:28","guid":{"rendered":"http:\/\/www.revarrhone.org\/?p=850"},"modified":"2013-07-08T18:11:28","modified_gmt":"2013-07-08T16:11:28","slug":"facteurs-de-risque-de-traumatisme-cranien-grave-a-la-suite-dun-accident-de-la-circulation","status":"publish","type":"post","link":"https:\/\/www.revarrhone.org\/index.php\/2013\/07\/08\/facteurs-de-risque-de-traumatisme-cranien-grave-a-la-suite-dun-accident-de-la-circulation\/","title":{"rendered":"Facteurs de risque de traumatisme cr\u00e2nien grave \u00e0 la suite d\u2019un accident de la circulation"},"content":{"rendered":"<p>Le traumatisme cr\u00e2nio-c\u00e9r\u00e9bral (TCC) d\u00e9terminant le pronostic fonctionnel \u00e0 long terme, nous avons plus particuli\u00e8rement analys\u00e9 les facteurs de risque et quantifier le risque de l\u00e9sions c\u00e9r\u00e9brales graves.<\/p>\n<p>Nous avons \u00e9tudi\u00e9 les l\u00e9sions c\u00e9r\u00e9brales des 1238 victimes avec TCC graves du Registre. Parmi les principaux facteurs de risque mis en \u00e9vidence, le type d\u2019usager \u00e9tait le facteur avec l\u2019odds ratio le plus \u00e9lev\u00e9. Les usagers de deux-roues motoris\u00e9s non casqu\u00e9s, les pi\u00e9tons et les cyclistes non casqu\u00e9s \u00e9taient associ\u00e9s \u00e0 risque beaucoup plus \u00e9lev\u00e9 de TCC graves que les passagers de voiture attach\u00e9s. La prise en compte des circonstances accidentelles et des syst\u00e8mes de protection utilis\u00e9s \u00e9tait donc importante pour la pr\u00e9diction de TCC graves. Ces facteurs pourraient \u00eatre int\u00e9gr\u00e9s dans la liste des crit\u00e8res d\u2019orientation et de triage des bless\u00e9s, et ce d\u00e8s la prise en charge initiale par les m\u00e9decins urgentistes du SAMU. De plus, ils peuvent influer sur les modalit\u00e9s de prise en charge des bless\u00e9s r\u00e9pondants \u00e0 plusieurs de ces crit\u00e8res en orientant le traitement et la prise en charge vers une lutte pr\u00e9coce contre l\u2019\u0153d\u00e8me c\u00e9r\u00e9bral et le maintien d\u2019une bonne perfusion c\u00e9r\u00e9brale. Cette \u00e9tude a aussi soulign\u00e9 l\u2019int\u00e9r\u00eat pr\u00e9ventif du casque chez les usagers de deux-roues et de la ceinture de s\u00e9curit\u00e9 chez les occupants de voiture.<\/p>\n<p>Javouhey E, Guerin AC, Chiron M. Incidence and risk factors of severe traumatic brain injury resulting from road accidents: a population-based study. <em>Accid Anal Prev. <\/em>mar <strong>2006<\/strong>, 38(2): 225-33.<\/p>\n<p>Javouhey E, Guerin AC, Chiron M, Floret D. [Epidemiology and prevention of head trauma in children] (article in french). <em>Archives de p\u00e9diatrie. <\/em>Jun <strong>2006<\/strong>, 13(6): 528-30.<\/p>\n","protected":false},"excerpt":{"rendered":"<p>Le traumatisme cr\u00e2nio-c\u00e9r\u00e9bral (TCC) d\u00e9terminant le pronostic fonctionnel \u00e0 long terme, nous avons plus particuli\u00e8rement analys\u00e9 les facteurs de risque et quantifier le risque de l\u00e9sions c\u00e9r\u00e9brales graves. Nous avons \u00e9tudi\u00e9 les l\u00e9sions c\u00e9r\u00e9brales des 1238 victimes avec TCC graves &hellip; <\/p>\n","protected":false},"author":1,"featured_media":0,"comment_status":"closed","ping_status":"open","sticky":false,"template":"","format":"standard","meta":{"footnotes":""},"categories":[9],"tags":[],"class_list":["post-850","post","type-post","status-publish","format-standard","hentry","category-travaux-de-recherche","latest_post"],"_links":{"self":[{"href":"https:\/\/www.revarrhone.org\/index.php\/wp-json\/wp\/v2\/posts\/850","targetHints":{"allow":["GET"]}}],"collection":[{"href":"https:\/\/www.revarrhone.org\/index.php\/wp-json\/wp\/v2\/posts"}],"about":[{"href":"https:\/\/www.revarrhone.org\/index.php\/wp-json\/wp\/v2\/types\/post"}],"author":[{"embeddable":true,"href":"https:\/\/www.revarrhone.org\/index.php\/wp-json\/wp\/v2\/users\/1"}],"replies":[{"embeddable":true,"href":"https:\/\/www.revarrhone.org\/index.php\/wp-json\/wp\/v2\/comments?post=850"}],"version-history":[{"count":0,"href":"https:\/\/www.revarrhone.org\/index.php\/wp-json\/wp\/v2\/posts\/850\/revisions"}],"wp:attachment":[{"href":"https:\/\/www.revarrhone.org\/index.php\/wp-json\/wp\/v2\/media?parent=850"}],"wp:term":[{"taxonomy":"category","embeddable":true,"href":"https:\/\/www.revarrhone.org\/index.php\/wp-json\/wp\/v2\/categories?post=850"},{"taxonomy":"post_tag","embeddable":true,"href":"https:\/\/www.revarrhone.org\/index.php\/wp-json\/wp\/v2\/tags?post=850"}],"curies":[{"name":"wp","href":"https:\/\/api.w.org\/{rel}","templated":true}]}}