{"id":848,"date":"2013-07-08T18:09:17","date_gmt":"2013-07-08T16:09:17","guid":{"rendered":"http:\/\/www.revarrhone.org\/?p=848"},"modified":"2013-07-08T18:09:17","modified_gmt":"2013-07-08T16:09:17","slug":"les-enfants-passagers-de-voiture-attaches-sont-ils-aussi-bien-proteges-que-les-adultes","status":"publish","type":"post","link":"https:\/\/www.revarrhone.org\/index.php\/2013\/07\/08\/les-enfants-passagers-de-voiture-attaches-sont-ils-aussi-bien-proteges-que-les-adultes\/","title":{"rendered":"Les enfants passagers de voiture attach\u00e9s sont-ils aussi bien prot\u00e9g\u00e9s que les adultes ?"},"content":{"rendered":"<p>Cette question a \u00e9t\u00e9 pos\u00e9e en constatant que les l\u00e9sions abdominales et c\u00e9r\u00e9brales graves semblaient plus fr\u00e9quentes chez l\u2019enfant passager de voiture que chez les adultes. \u00c0 partir d\u2019une analyse plus approfondie des facteurs de risque de gravit\u00e9 des enfants accident\u00e9s en fonction de la cat\u00e9gorie d\u2019usager \u00e0 laquelle ils appartenaient (pi\u00e9tons, passagers de voiture ou cyclistes), nous nous sommes int\u00e9ress\u00e9s aux sp\u00e9cificit\u00e9s l\u00e9sionnelles de l\u2019enfant en voiture.<\/p>\n<p>L\u2019objectif \u00e9tait de comparer les l\u00e9sions des enfants et des adultes passagers de voiture inclus dans le Registre du Rh\u00f4ne de 1996 \u00e0 2002.<\/p>\n<p>Les enfants entre 5 et 9 ans qui \u00e9taient attach\u00e9s pr\u00e9sentaient un risque d\u2019\u00eatre s\u00e9rieusement bless\u00e9s (l\u00e9sions d\u2019AIS2 ou plus) au niveau abdominal 2,7 fois plus important que les adultes ceintur\u00e9s. De plus, alors que les l\u00e9sions thoraciques et vert\u00e9brales \u00e9taient moins fr\u00e9quentes chez l\u2019enfant, les l\u00e9sions c\u00e9r\u00e9brales graves avaient tendance \u00e0 \u00eatre plus fr\u00e9quentes chez les enfants que chez les adultes passagers de voiture attach\u00e9s.<\/p>\n<p>Ce travail pourrait avoir des implications importantes en terme de pr\u00e9vention puisqu\u2019il confirme l\u2019importance de l\u2019usage des syst\u00e8mes de retenue adapt\u00e9s aux enfants.<\/p>\n<p><em>Javouhey E<\/em><em>, Guerin AC, Gadegbeku B, Chiron M, Floret D. Are restrained children under 15 years of age in cars as effectively protected as adults? <\/em><em>Arch Dis Child. <\/em><em>Apr <strong>2006<\/strong>, 91(4): 304-8.<\/em><\/p>\n","protected":false},"excerpt":{"rendered":"<p>Cette question a \u00e9t\u00e9 pos\u00e9e en constatant que les l\u00e9sions abdominales et c\u00e9r\u00e9brales graves semblaient plus fr\u00e9quentes chez l\u2019enfant passager de voiture que chez les adultes. \u00c0 partir d\u2019une analyse plus approfondie des facteurs de risque de gravit\u00e9 des enfants &hellip; <\/p>\n","protected":false},"author":1,"featured_media":0,"comment_status":"closed","ping_status":"open","sticky":false,"template":"","format":"standard","meta":{"footnotes":""},"categories":[9],"tags":[],"class_list":["post-848","post","type-post","status-publish","format-standard","hentry","category-travaux-de-recherche","latest_post"],"_links":{"self":[{"href":"https:\/\/www.revarrhone.org\/index.php\/wp-json\/wp\/v2\/posts\/848","targetHints":{"allow":["GET"]}}],"collection":[{"href":"https:\/\/www.revarrhone.org\/index.php\/wp-json\/wp\/v2\/posts"}],"about":[{"href":"https:\/\/www.revarrhone.org\/index.php\/wp-json\/wp\/v2\/types\/post"}],"author":[{"embeddable":true,"href":"https:\/\/www.revarrhone.org\/index.php\/wp-json\/wp\/v2\/users\/1"}],"replies":[{"embeddable":true,"href":"https:\/\/www.revarrhone.org\/index.php\/wp-json\/wp\/v2\/comments?post=848"}],"version-history":[{"count":0,"href":"https:\/\/www.revarrhone.org\/index.php\/wp-json\/wp\/v2\/posts\/848\/revisions"}],"wp:attachment":[{"href":"https:\/\/www.revarrhone.org\/index.php\/wp-json\/wp\/v2\/media?parent=848"}],"wp:term":[{"taxonomy":"category","embeddable":true,"href":"https:\/\/www.revarrhone.org\/index.php\/wp-json\/wp\/v2\/categories?post=848"},{"taxonomy":"post_tag","embeddable":true,"href":"https:\/\/www.revarrhone.org\/index.php\/wp-json\/wp\/v2\/tags?post=848"}],"curies":[{"name":"wp","href":"https:\/\/api.w.org\/{rel}","templated":true}]}}