{"id":840,"date":"2013-07-08T17:59:14","date_gmt":"2013-07-08T15:59:14","guid":{"rendered":"http:\/\/www.revarrhone.org\/?p=840"},"modified":"2013-07-08T17:59:14","modified_gmt":"2013-07-08T15:59:14","slug":"suivi-des-enfants-reanimes-a-la-suite-dun-accident-de-la-circulation-serac","status":"publish","type":"post","link":"https:\/\/www.revarrhone.org\/index.php\/2013\/07\/08\/suivi-des-enfants-reanimes-a-la-suite-dun-accident-de-la-circulation-serac\/","title":{"rendered":"Suivi des Enfants R\u00e9anim\u00e9s \u00e0 la suite d\u2019un Accident de la Circulation (SERAC)"},"content":{"rendered":"<p>Ce projet est une \u00e9tude multicentrique dont l\u2019objectif \u00e9tait l\u2019identification de facteurs pronostiques de handicap (d\u00e9ficiences, incapacit\u00e9s et d\u00e9savantages) \u00e0 1 et 3 ans chez les enfants admis en r\u00e9animation pour un traumatisme grave \u00e0 la suite d\u2019un accident de la circulation.<\/p>\n<p>Les enfants sortis vivants de r\u00e9animation p\u00e9diatrique, \u00e9taient \u00e9valu\u00e9s 6 et 12 mois apr\u00e8s leur accident. En deux ans, 139 enfants ont \u00e9t\u00e9 inclus, 31 sont d\u00e9c\u00e9d\u00e9s en r\u00e9animation (22%). L&rsquo;\u00e2ge m\u00e9dian \u00e9tait de 9 ans, 111 avait une l\u00e9sion c\u00e9r\u00e9brale (TCC) de niveau AIS 3 ou plus et 79 avaient un score de Glasgow \u2264 8. Les d\u00e9ficiences globales lourdes concernaient plus de la moiti\u00e9 des enfants sortis de r\u00e9animation, 36% \u00e0 6 mois, et 23% \u00e0 un an.<\/p>\n<p>Les s\u00e9quelles \u00e0 un an des enfants traumatis\u00e9s graves par accident de la circulation variaient de 25 \u00e0 40% en fonction du type de handicap \u00e9tudi\u00e9 (d\u00e9ficience globale ou incapacit\u00e9). Les s\u00e9quelles \u00e9taient d\u2019autant plus fr\u00e9quentes que l\u2019enfant avait un traumatisme cranio-c\u00e9r\u00e9bral grave et qu\u2019il avait d\u00e9velopp\u00e9 une HTIC.<\/p>\n","protected":false},"excerpt":{"rendered":"<p>Ce projet est une \u00e9tude multicentrique dont l\u2019objectif \u00e9tait l\u2019identification de facteurs pronostiques de handicap (d\u00e9ficiences, incapacit\u00e9s et d\u00e9savantages) \u00e0 1 et 3 ans chez les enfants admis en r\u00e9animation pour un traumatisme grave \u00e0 la suite d\u2019un accident de &hellip; <\/p>\n","protected":false},"author":1,"featured_media":0,"comment_status":"closed","ping_status":"open","sticky":false,"template":"","format":"standard","meta":{"footnotes":""},"categories":[9],"tags":[],"class_list":["post-840","post","type-post","status-publish","format-standard","hentry","category-travaux-de-recherche","latest_post"],"_links":{"self":[{"href":"https:\/\/www.revarrhone.org\/index.php\/wp-json\/wp\/v2\/posts\/840","targetHints":{"allow":["GET"]}}],"collection":[{"href":"https:\/\/www.revarrhone.org\/index.php\/wp-json\/wp\/v2\/posts"}],"about":[{"href":"https:\/\/www.revarrhone.org\/index.php\/wp-json\/wp\/v2\/types\/post"}],"author":[{"embeddable":true,"href":"https:\/\/www.revarrhone.org\/index.php\/wp-json\/wp\/v2\/users\/1"}],"replies":[{"embeddable":true,"href":"https:\/\/www.revarrhone.org\/index.php\/wp-json\/wp\/v2\/comments?post=840"}],"version-history":[{"count":0,"href":"https:\/\/www.revarrhone.org\/index.php\/wp-json\/wp\/v2\/posts\/840\/revisions"}],"wp:attachment":[{"href":"https:\/\/www.revarrhone.org\/index.php\/wp-json\/wp\/v2\/media?parent=840"}],"wp:term":[{"taxonomy":"category","embeddable":true,"href":"https:\/\/www.revarrhone.org\/index.php\/wp-json\/wp\/v2\/categories?post=840"},{"taxonomy":"post_tag","embeddable":true,"href":"https:\/\/www.revarrhone.org\/index.php\/wp-json\/wp\/v2\/tags?post=840"}],"curies":[{"name":"wp","href":"https:\/\/api.w.org\/{rel}","templated":true}]}}