{"id":825,"date":"2013-07-08T17:10:20","date_gmt":"2013-07-08T15:10:20","guid":{"rendered":"http:\/\/www.revarrhone.org\/?p=825"},"modified":"2013-07-08T17:10:20","modified_gmt":"2013-07-08T15:10:20","slug":"etude-cas-temoins-nichee-au-sein-de-la-cohorte-esparr","status":"publish","type":"post","link":"https:\/\/www.revarrhone.org\/index.php\/2013\/07\/08\/etude-cas-temoins-nichee-au-sein-de-la-cohorte-esparr\/","title":{"rendered":"\u00c9tude cas-t\u00e9moins (des facteurs d&rsquo;accident) nich\u00e9e au sein de la cohorte ESPARR"},"content":{"rendered":"<p>Le r\u00f4le des conditions de sant\u00e9 des usagers de la route dans la survenue des accidents est sujet de nombreux d\u00e9bats publics en France. Quelques \u00e9tudes ont sugg\u00e9r\u00e9 qu\u2019il pouvait y avoir une r\u00e9duction des accidents de la route lors de l\u2019application de restrictions d\u2019aptitude \u00e0 la conduite pour des conducteurs souffrant de certaines pathologies. Dans la mesure o\u00f9 aujourd\u2019hui la voiture est un important facteur d\u2019ind\u00e9pendance et de socialisation, il semble important d\u2019\u00e9tudier si les maladies ou la consommation de m\u00e9dicaments entrainant un accroissement du risque d\u2019accidents, par comparaison avec les facteurs de risque majeurs d\u00e9j\u00e0 connus. Une \u00e9tude cas-t\u00e9moin a \u00e9t\u00e9 r\u00e9alis\u00e9e au sein des conducteurs de la cohorte <a title=\"ESPARR\" href=\"http:\/\/www.revarrhone.org\/esparr-etude-et-suivi-dune-population-daccidentes-de-la-route-du-rhone-une-cohorte-representative-des-victimes\/\">ESPARR <\/a>(733 conducteurs bless\u00e9s). Les cas sont les sujets qui sont partiellement ou totalement responsables de leur accident. Les 304 t\u00e9moins sont les conducteurs non responsables. Les pathologies et les consommations m\u00e9dicales ont \u00e9t\u00e9 analys\u00e9es en utilisant une m\u00e9thode de r\u00e9gression logistique. Les cas sont caract\u00e9ris\u00e9s par un pourcentage plus \u00e9lev\u00e9 de jeunes hommes. Ils se sont plus fr\u00e9quemment reconnus comme fatigu\u00e9s au moment de l\u2019accident, de m\u00eame, les cas avaient consomm\u00e9 plus fr\u00e9quemment de l\u2019alcool. Un risque plus \u00e9lev\u00e9 est observ\u00e9 chez les sujets souffrant d\u2019hypertension. Une association entre la consommation d\u2019antid\u00e9presseurs et le fait d\u2019\u00eatre responsable de l\u2019accident a aussi \u00e9t\u00e9 confirm\u00e9e.<\/p>\n<p><em>Hours M<\/em><em>, Fort E, Charnay P, Bernard M, Martin JL, Boisson D, Sancho P-O, Laumon B. Diseases, consumption of medicines and responsibility for a road crash: a case-control study Accident Analysis and Prevention. <\/em><strong><em>2008<\/em><\/strong><em>, 40(5): 1789-96.<\/em><\/p>\n","protected":false},"excerpt":{"rendered":"<p>Le r\u00f4le des conditions de sant\u00e9 des usagers de la route dans la survenue des accidents est sujet de nombreux d\u00e9bats publics en France. Quelques \u00e9tudes ont sugg\u00e9r\u00e9 qu\u2019il pouvait y avoir une r\u00e9duction des accidents de la route lors &hellip; <\/p>\n","protected":false},"author":1,"featured_media":0,"comment_status":"closed","ping_status":"open","sticky":false,"template":"","format":"standard","meta":{"footnotes":""},"categories":[9],"tags":[],"class_list":["post-825","post","type-post","status-publish","format-standard","hentry","category-travaux-de-recherche","latest_post"],"_links":{"self":[{"href":"https:\/\/www.revarrhone.org\/index.php\/wp-json\/wp\/v2\/posts\/825","targetHints":{"allow":["GET"]}}],"collection":[{"href":"https:\/\/www.revarrhone.org\/index.php\/wp-json\/wp\/v2\/posts"}],"about":[{"href":"https:\/\/www.revarrhone.org\/index.php\/wp-json\/wp\/v2\/types\/post"}],"author":[{"embeddable":true,"href":"https:\/\/www.revarrhone.org\/index.php\/wp-json\/wp\/v2\/users\/1"}],"replies":[{"embeddable":true,"href":"https:\/\/www.revarrhone.org\/index.php\/wp-json\/wp\/v2\/comments?post=825"}],"version-history":[{"count":0,"href":"https:\/\/www.revarrhone.org\/index.php\/wp-json\/wp\/v2\/posts\/825\/revisions"}],"wp:attachment":[{"href":"https:\/\/www.revarrhone.org\/index.php\/wp-json\/wp\/v2\/media?parent=825"}],"wp:term":[{"taxonomy":"category","embeddable":true,"href":"https:\/\/www.revarrhone.org\/index.php\/wp-json\/wp\/v2\/categories?post=825"},{"taxonomy":"post_tag","embeddable":true,"href":"https:\/\/www.revarrhone.org\/index.php\/wp-json\/wp\/v2\/tags?post=825"}],"curies":[{"name":"wp","href":"https:\/\/api.w.org\/{rel}","templated":true}]}}