{"id":812,"date":"2013-07-08T15:33:58","date_gmt":"2013-07-08T13:33:58","guid":{"rendered":"http:\/\/www.revarrhone.org\/?p=812"},"modified":"2013-07-08T15:33:58","modified_gmt":"2013-07-08T13:33:58","slug":"annees-de-vie-perdues-ou-vecues-en-incapacite-consecutives-a-un-accident-de-la-circulation","status":"publish","type":"post","link":"https:\/\/www.revarrhone.org\/index.php\/2013\/07\/08\/annees-de-vie-perdues-ou-vecues-en-incapacite-consecutives-a-un-accident-de-la-circulation\/","title":{"rendered":"Ann\u00e9es de vie perdues ou v\u00e9cues en incapacit\u00e9 cons\u00e9cutives \u00e0 un accident de la circulation"},"content":{"rendered":"<p>Le retentissement d&rsquo;un probl\u00e8me particulier de sant\u00e9 sur la sant\u00e9 globale de la population peut-\u00eatre \u00e9valu\u00e9 par ses cons\u00e9quences sur les ann\u00e9es de vie ajust\u00e9es sur l\u2019incapacit\u00e9 (AVAI). Cet indicateur est form\u00e9 des Ann\u00e9es potentielles de vie perdues (APVP) qui mesurent le nombre d\u2019ann\u00e9es de vie perdues du fait d\u2019une mortalit\u00e9 anticip\u00e9e par rapport \u00e0 une norme d\u2019esp\u00e9rance de vie fix\u00e9e \u00e0 priori, et des Ann\u00e9es de vie v\u00e9cues avec incapacit\u00e9 (AVI), tenant compte de la s\u00e9v\u00e9rit\u00e9. Utilis\u00e9 par l&rsquo;OMS pour de nombreuses pathologies, cet indicateur est appliqu\u00e9 ici aux accidents de la route dans l&rsquo;objectif de suivre son \u00e9volution. A partir du Registre du Rh\u00f4ne des victimes d&rsquo;accidents de la route, notre unit\u00e9 a pu fournir, pour chacune des grandes cat\u00e9gories de l\u00e9sions d\u00e9finies par l&rsquo;OMS, le nombre de sujets concern\u00e9s ainsi que leur \u00e2ge et sexe. Ces donn\u00e9es ont permis le calcul des ann\u00e9es de vie perdues ainsi que des ann\u00e9es de vie avec incapacit\u00e9 attribuables aux accidents de la route sur deux p\u00e9riodes. L\u2019analyse a mis en \u00e9vidence que la r\u00e9duction des AVAIs observ\u00e9e entre 1996-2001 et 2002-2006 s\u2019explique \u00e0 la fois par la r\u00e9duction du nombre de tu\u00e9s et de bless\u00e9s par accident de la route, mais aussi par l\u2019augmentation de l\u2019\u00e2ge de survenue de l\u2019\u00e9v\u00e8nement accidentel.<\/p>\n<p>Cette analyse, r\u00e9alis\u00e9e en collaboration avec<a title=\"Inserm\" href=\"http:\/\/www.inserm.fr\/\"> l&rsquo;INSERM<\/a>, a fait l\u2019objet d\u2019une publication dans le BMC Public Health.<\/p>\n<p>\u00a0Lapostolle A,Gadegbeku B, Ndiaye A, Amoros E, Chiron M, Spira A, Laumon B. The burden of road traffic accidents in a french county: description of injuries and recent evolution. <em>BMC &#8211; Public health. <\/em>2009, 9: 386.<\/p>\n","protected":false},"excerpt":{"rendered":"<p>Le retentissement d&rsquo;un probl\u00e8me particulier de sant\u00e9 sur la sant\u00e9 globale de la population peut-\u00eatre \u00e9valu\u00e9 par ses cons\u00e9quences sur les ann\u00e9es de vie ajust\u00e9es sur l\u2019incapacit\u00e9 (AVAI). Cet indicateur est form\u00e9 des Ann\u00e9es potentielles de vie perdues (APVP) qui &hellip; <\/p>\n","protected":false},"author":1,"featured_media":0,"comment_status":"closed","ping_status":"open","sticky":false,"template":"","format":"standard","meta":{"footnotes":""},"categories":[9],"tags":[],"class_list":["post-812","post","type-post","status-publish","format-standard","hentry","category-travaux-de-recherche","latest_post"],"_links":{"self":[{"href":"https:\/\/www.revarrhone.org\/index.php\/wp-json\/wp\/v2\/posts\/812","targetHints":{"allow":["GET"]}}],"collection":[{"href":"https:\/\/www.revarrhone.org\/index.php\/wp-json\/wp\/v2\/posts"}],"about":[{"href":"https:\/\/www.revarrhone.org\/index.php\/wp-json\/wp\/v2\/types\/post"}],"author":[{"embeddable":true,"href":"https:\/\/www.revarrhone.org\/index.php\/wp-json\/wp\/v2\/users\/1"}],"replies":[{"embeddable":true,"href":"https:\/\/www.revarrhone.org\/index.php\/wp-json\/wp\/v2\/comments?post=812"}],"version-history":[{"count":0,"href":"https:\/\/www.revarrhone.org\/index.php\/wp-json\/wp\/v2\/posts\/812\/revisions"}],"wp:attachment":[{"href":"https:\/\/www.revarrhone.org\/index.php\/wp-json\/wp\/v2\/media?parent=812"}],"wp:term":[{"taxonomy":"category","embeddable":true,"href":"https:\/\/www.revarrhone.org\/index.php\/wp-json\/wp\/v2\/categories?post=812"},{"taxonomy":"post_tag","embeddable":true,"href":"https:\/\/www.revarrhone.org\/index.php\/wp-json\/wp\/v2\/tags?post=812"}],"curies":[{"name":"wp","href":"https:\/\/api.w.org\/{rel}","templated":true}]}}