{"id":810,"date":"2013-07-08T15:29:37","date_gmt":"2013-07-08T13:29:37","guid":{"rendered":"http:\/\/www.revarrhone.org\/?p=810"},"modified":"2013-07-08T15:29:37","modified_gmt":"2013-07-08T13:29:37","slug":"evolution-des-sequelles-2","status":"publish","type":"post","link":"https:\/\/www.revarrhone.org\/index.php\/2013\/07\/08\/evolution-des-sequelles-2\/","title":{"rendered":"Victimes d&rsquo;accidents de la circulation : quelles \u00e9volutions ?"},"content":{"rendered":"<p style=\"text-align: justify;\">Dans un contexte g\u00e9n\u00e9ral de baisse de la traumatologie routi\u00e8re, cette \u00e9tude pr\u00e9sente une analyse fine des \u00e9volutions.<\/p>\n<p style=\"text-align: justify;\">Le Registre du Rh\u00f4ne des victimes d\u2019accidents de la circulation routi\u00e8re recense, en milieu hospitalier public et priv\u00e9, l\u2019ensemble des bless\u00e9s et tu\u00e9s de la route, hospitalis\u00e9s ou non. Une baisse des effectifs de victimes a \u00e9t\u00e9 observ\u00e9e en 2002 et 2003, permettant de comparer deux p\u00e9riodes relativement stables : 1996-2001 et 2003-2008.<\/p>\n<p style=\"text-align: justify;\">La baisse des incidences (-24% au total) a surtout concern\u00e9 les d\u00e9c\u00e8s (-39%), les automobilistes (-36%) et les enfants (-41%). La quasi-totalit\u00e9 des l\u00e9sions ont vu leur fr\u00e9quence diminuer. L\u2019incidence des l\u00e9sions au-del\u00e0 de toute ressource th\u00e9rapeutique a \u00e9t\u00e9 divis\u00e9e par plus de quatre. Cependant, l\u2019incidence des contusions pulmonaires bilat\u00e9rales, responsables de d\u00e9tresses respiratoires, a augment\u00e9. Chez les survivants, l\u2019incidence de la plupart des l\u00e9sions responsables de s\u00e9quelles lourdes a baiss\u00e9. Mais celle des t\u00e9trapl\u00e9gies, tr\u00e8s rares, est stable. Les atteintes ligamentaires du genou ont nettement augment\u00e9, mais elles sont moins invalidantes que les l\u00e9sions responsables de s\u00e9quelles neurologiques qui sont en baisse. Les diff\u00e9rences hommes\/femmes (types d\u2019usagers, incidences et gravit\u00e9) sont inchang\u00e9es.<\/p>\n<p style=\"text-align: justify;\">Le renforcement des politiques de pr\u00e9vention en mati\u00e8re de s\u00e9curit\u00e9 routi\u00e8re a prouv\u00e9 son efficacit\u00e9. Des actions restent \u00e0 entreprendre en direction des usagers de deux-roues \u00e0 moteur, tr\u00e8s vuln\u00e9rables, dont l\u2019incidence n\u2019a pas baiss\u00e9. Les usagers de deux-roues \u00e0 moteur sont, depuis 2007 chez les hommes, plus nombreux que les automobilistes.<\/p>\n<p style=\"text-align: justify;\">Cette analyse a fait l&rsquo;objet d&rsquo;une publication dans le BEH.<\/p>\n<p style=\"text-align: justify;\">\u00a0Gadegbeku B, Chiron M, Ndiaye A, Laumon B. <a href=\"http:\/\/www.invs.sante.fr\/beh\/2010\/47\/index.htm\" rel=\"external\">Victimes d\u2019accidents de la circulation\u00a0: quelles \u00e9volutions\u00a0? Registre du Rh\u00f4ne, France, 1996-2008<\/a>. BEH. <strong>2010<\/strong>, 47\u00a0: 477-84,<\/p>\n<p style=\"text-align: justify;\">\u00a0<\/p>\n","protected":false},"excerpt":{"rendered":"<p>Dans un contexte g\u00e9n\u00e9ral de baisse de la traumatologie routi\u00e8re, cette \u00e9tude pr\u00e9sente une analyse fine des \u00e9volutions. Le Registre du Rh\u00f4ne des victimes d\u2019accidents de la circulation routi\u00e8re recense, en milieu hospitalier public et priv\u00e9, l\u2019ensemble des bless\u00e9s et &hellip; <\/p>\n","protected":false},"author":1,"featured_media":0,"comment_status":"closed","ping_status":"open","sticky":false,"template":"","format":"standard","meta":{"footnotes":""},"categories":[9],"tags":[],"class_list":["post-810","post","type-post","status-publish","format-standard","hentry","category-travaux-de-recherche","latest_post"],"_links":{"self":[{"href":"https:\/\/www.revarrhone.org\/index.php\/wp-json\/wp\/v2\/posts\/810","targetHints":{"allow":["GET"]}}],"collection":[{"href":"https:\/\/www.revarrhone.org\/index.php\/wp-json\/wp\/v2\/posts"}],"about":[{"href":"https:\/\/www.revarrhone.org\/index.php\/wp-json\/wp\/v2\/types\/post"}],"author":[{"embeddable":true,"href":"https:\/\/www.revarrhone.org\/index.php\/wp-json\/wp\/v2\/users\/1"}],"replies":[{"embeddable":true,"href":"https:\/\/www.revarrhone.org\/index.php\/wp-json\/wp\/v2\/comments?post=810"}],"version-history":[{"count":0,"href":"https:\/\/www.revarrhone.org\/index.php\/wp-json\/wp\/v2\/posts\/810\/revisions"}],"wp:attachment":[{"href":"https:\/\/www.revarrhone.org\/index.php\/wp-json\/wp\/v2\/media?parent=810"}],"wp:term":[{"taxonomy":"category","embeddable":true,"href":"https:\/\/www.revarrhone.org\/index.php\/wp-json\/wp\/v2\/categories?post=810"},{"taxonomy":"post_tag","embeddable":true,"href":"https:\/\/www.revarrhone.org\/index.php\/wp-json\/wp\/v2\/tags?post=810"}],"curies":[{"name":"wp","href":"https:\/\/api.w.org\/{rel}","templated":true}]}}