{"id":2064,"date":"2023-06-26T16:16:51","date_gmt":"2023-06-26T14:16:51","guid":{"rendered":"https:\/\/www.revarrhone.org\/?p=2064"},"modified":"2026-03-27T13:25:28","modified_gmt":"2026-03-27T12:25:28","slug":"les-parcours-de-soins-des-accidentes-de-la-route-projet-parcours","status":"publish","type":"post","link":"https:\/\/www.revarrhone.org\/index.php\/2023\/06\/26\/les-parcours-de-soins-des-accidentes-de-la-route-projet-parcours\/","title":{"rendered":"<strong>Les parcours de soins des accident\u00e9s de la route (projet Parcours)<\/strong>"},"content":{"rendered":"\n<p>Ce projet vise \u00e0 mieux comprendre la chaine globale des soins. Les analyses sont en cours pour d\u00e9crire les parcours de soins. Le second objectif vise, \u00e0 partir d\u2019un recoupement entre les donn\u00e9es du Registre et celles des forces de l\u2019ordre, \u00e0 \u00e9tudier l\u2019impact des caract\u00e9ristiques accidentelles (en plus des caract\u00e9ristiques individuelles), sur la gravit\u00e9 de l\u2019\u00e9tat de la victime. La connaissance de ces facteurs, d\u00e8s la survenue de l\u2019accident, peut contribuer \u00e0 l\u2019optimisation de la prise en charge.<\/p>\n","protected":false},"excerpt":{"rendered":"<p>Ce projet vise \u00e0 mieux comprendre la chaine globale des soins. Les analyses sont en cours pour d\u00e9crire les parcours de soins. Le second objectif vise, \u00e0 partir d\u2019un recoupement entre les donn\u00e9es du Registre et celles des forces de &hellip; <\/p>\n","protected":false},"author":2,"featured_media":0,"comment_status":"closed","ping_status":"closed","sticky":false,"template":"","format":"standard","meta":{"footnotes":""},"categories":[9],"tags":[],"class_list":["post-2064","post","type-post","status-publish","format-standard","hentry","category-travaux-de-recherche","latest_post"],"_links":{"self":[{"href":"https:\/\/www.revarrhone.org\/index.php\/wp-json\/wp\/v2\/posts\/2064","targetHints":{"allow":["GET"]}}],"collection":[{"href":"https:\/\/www.revarrhone.org\/index.php\/wp-json\/wp\/v2\/posts"}],"about":[{"href":"https:\/\/www.revarrhone.org\/index.php\/wp-json\/wp\/v2\/types\/post"}],"author":[{"embeddable":true,"href":"https:\/\/www.revarrhone.org\/index.php\/wp-json\/wp\/v2\/users\/2"}],"replies":[{"embeddable":true,"href":"https:\/\/www.revarrhone.org\/index.php\/wp-json\/wp\/v2\/comments?post=2064"}],"version-history":[{"count":3,"href":"https:\/\/www.revarrhone.org\/index.php\/wp-json\/wp\/v2\/posts\/2064\/revisions"}],"predecessor-version":[{"id":2251,"href":"https:\/\/www.revarrhone.org\/index.php\/wp-json\/wp\/v2\/posts\/2064\/revisions\/2251"}],"wp:attachment":[{"href":"https:\/\/www.revarrhone.org\/index.php\/wp-json\/wp\/v2\/media?parent=2064"}],"wp:term":[{"taxonomy":"category","embeddable":true,"href":"https:\/\/www.revarrhone.org\/index.php\/wp-json\/wp\/v2\/categories?post=2064"},{"taxonomy":"post_tag","embeddable":true,"href":"https:\/\/www.revarrhone.org\/index.php\/wp-json\/wp\/v2\/tags?post=2064"}],"curies":[{"name":"wp","href":"https:\/\/api.w.org\/{rel}","templated":true}]}}