{"id":2062,"date":"2023-06-09T13:52:42","date_gmt":"2023-06-09T11:52:42","guid":{"rendered":"https:\/\/www.revarrhone.org\/?p=2062"},"modified":"2026-03-27T13:29:20","modified_gmt":"2026-03-27T12:29:20","slug":"evaluation-de-la-gravite-des-traumatismes-projet-cim-ais","status":"publish","type":"post","link":"https:\/\/www.revarrhone.org\/index.php\/2023\/06\/09\/evaluation-de-la-gravite-des-traumatismes-projet-cim-ais\/","title":{"rendered":"\u00c9valuation de la gravit\u00e9 des traumatismes (projet CIM-AIS)"},"content":{"rendered":"\n<p>Si les statistiques sur les tu\u00e9s sont exhaustives \u00e0 partir des donn\u00e9es recueillies par les forces de l\u2019ordre, le suivi des bless\u00e9s, et notamment des graves est beaucoup plus complexe \u00e0 l\u2019\u00e9chelle d\u2019un pays. Depuis 2015, la France, comme les autres pays europ\u00e9ens, d\u00e9nombre ses bless\u00e9s graves au sens d\u2019un crit\u00e8re m\u00e9dical : \u00ab avoir au moins une l\u00e9sion AIS3+ \u00bb (Abbreviated Injury Scale). Pour atteindre cet objectif, de nombreux pays s\u2019appuient sur les donn\u00e9es d\u2019hospitalisations. Elles sont cod\u00e9es selon la Classification internationale des maladies (CIM). Il est donc n\u00e9cessaire d\u2019utiliser une matrice de passage de la CIM vers l\u2019AIS. Comme un code CIM peut correspondre \u00e0 plusieurs codes AIS de gravit\u00e9 diff\u00e9rente, le score de gravit\u00e9 affect\u00e9 \u00e0 un code CIM peut \u00eatre ind\u00e9termin\u00e9 dans un nombre important de cas. Sur le Rh\u00f4ne, la pr\u00e9sence simultan\u00e9e du Registre des victimes d\u2019accidents de la route, avec un codage des l\u00e9sions en AIS par un expert, et du PMSI, donn\u00e9es des hospitalisations, avec un codage selon la CIM, permet d\u2019envisager un chainage des donn\u00e9es. L\u2019objectif est de construire une matrice de conversion CIM-AIS et de la valider et\/ou l\u2019am\u00e9liorer \u00e0 partir de donn\u00e9es r\u00e9elles.<\/p>\n","protected":false},"excerpt":{"rendered":"<p>Si les statistiques sur les tu\u00e9s sont exhaustives \u00e0 partir des donn\u00e9es recueillies par les forces de l\u2019ordre, le suivi des bless\u00e9s, et notamment des graves est beaucoup plus complexe \u00e0 l\u2019\u00e9chelle d\u2019un pays. Depuis 2015, la France, comme les &hellip; <\/p>\n","protected":false},"author":2,"featured_media":0,"comment_status":"closed","ping_status":"closed","sticky":false,"template":"","format":"standard","meta":{"footnotes":""},"categories":[9],"tags":[],"class_list":["post-2062","post","type-post","status-publish","format-standard","hentry","category-travaux-de-recherche","latest_post"],"_links":{"self":[{"href":"https:\/\/www.revarrhone.org\/index.php\/wp-json\/wp\/v2\/posts\/2062","targetHints":{"allow":["GET"]}}],"collection":[{"href":"https:\/\/www.revarrhone.org\/index.php\/wp-json\/wp\/v2\/posts"}],"about":[{"href":"https:\/\/www.revarrhone.org\/index.php\/wp-json\/wp\/v2\/types\/post"}],"author":[{"embeddable":true,"href":"https:\/\/www.revarrhone.org\/index.php\/wp-json\/wp\/v2\/users\/2"}],"replies":[{"embeddable":true,"href":"https:\/\/www.revarrhone.org\/index.php\/wp-json\/wp\/v2\/comments?post=2062"}],"version-history":[{"count":2,"href":"https:\/\/www.revarrhone.org\/index.php\/wp-json\/wp\/v2\/posts\/2062\/revisions"}],"predecessor-version":[{"id":2201,"href":"https:\/\/www.revarrhone.org\/index.php\/wp-json\/wp\/v2\/posts\/2062\/revisions\/2201"}],"wp:attachment":[{"href":"https:\/\/www.revarrhone.org\/index.php\/wp-json\/wp\/v2\/media?parent=2062"}],"wp:term":[{"taxonomy":"category","embeddable":true,"href":"https:\/\/www.revarrhone.org\/index.php\/wp-json\/wp\/v2\/categories?post=2062"},{"taxonomy":"post_tag","embeddable":true,"href":"https:\/\/www.revarrhone.org\/index.php\/wp-json\/wp\/v2\/tags?post=2062"}],"curies":[{"name":"wp","href":"https:\/\/api.w.org\/{rel}","templated":true}]}}