{"id":1602,"date":"2023-02-02T14:53:33","date_gmt":"2023-02-02T13:53:33","guid":{"rendered":"http:\/\/wordpress.localhost\/?p=1602"},"modified":"2026-03-27T13:39:53","modified_gmt":"2026-03-27T12:39:53","slug":"journee-scientifique-des-20-ans-du-registre-le-14-octobre-2015","status":"publish","type":"post","link":"https:\/\/www.revarrhone.org\/index.php\/2023\/02\/02\/journee-scientifique-des-20-ans-du-registre-le-14-octobre-2015\/","title":{"rendered":"Journ\u00e9e scientifique des 20 ans du Registre le 14 octobre 2015"},"content":{"rendered":"\n<div class=\"wp-block-media-text alignwide is-stacked-on-mobile\"><figure class=\"wp-block-media-text__media\"><img loading=\"lazy\" decoding=\"async\" width=\"280\" height=\"300\" src=\"http:\/\/wordpress.localhost\/wp-content\/uploads\/2023\/02\/decennies_ifsttar-logo-bron_paca-registre-hd-280x300-1.jpg\" alt=\"\" class=\"wp-image-1603 size-full\" srcset=\"https:\/\/www.revarrhone.org\/wp-content\/uploads\/2023\/02\/decennies_ifsttar-logo-bron_paca-registre-hd-280x300-1.jpg 280w, https:\/\/www.revarrhone.org\/wp-content\/uploads\/2023\/02\/decennies_ifsttar-logo-bron_paca-registre-hd-280x300-1-56x60.jpg 56w\" sizes=\"auto, (max-width: 280px) 100vw, 280px\" \/><\/figure><div class=\"wp-block-media-text__content\">\n<p><strong><em>A l\u2019occasion des 20 ans du Registre, l\u2019Ifsttar, l\u2019Umrestte et l\u2019Arvac ont coorganis\u00e9 le 14 octobre 2015, un colloque r\u00e9unissant des scientifiques, des chercheurs, des cliniciens, des d\u00e9cideurs et acteurs en s\u00e9curit\u00e9 routi\u00e8re, pour une journ\u00e9e scientifique riche en \u00e9changes.<\/em><\/strong><\/p>\n\n\n\n<p><em>Nota : double cliquez sur les titres en bleu pour visionner les diaporamas comment\u00e9s des pr\u00e9sentations.<\/em><\/p>\n<\/div><\/div>\n\n\n\n<h2 class=\"wp-block-heading\" style=\"font-style:normal;font-weight:400\"><strong>Pourquoi un Registre des victimes ?<\/strong><\/h2>\n\n\n\n<h5 class=\"wp-block-heading\" style=\"font-style:normal;font-weight:400\"><a href=\"https:\/\/clap.univ-eiffel.fr\/videos\/daniel-floret\/\" target=\"_blank\" rel=\"noreferrer noopener\">Introduction<\/a>\u00a0par D. Floret, professeur \u00e9m\u00e9rite, Universit\u00e9 Lyon 1<\/h5>\n\n\n\n<h5 class=\"wp-block-heading\" style=\"font-style:normal;font-weight:400\"><a href=\"https:\/\/clap.univ-eiffel.fr\/videos\/bernard-laumon\/\" target=\"_blank\" rel=\"noreferrer noopener\">Historique et enjeux<\/a>\u00a0\u2013 B. Laumon, directeur du d\u00e9partement TS2, responsable scientifique du Registre, Ifsttar, Bron<\/h5>\n\n\n\n<h5 class=\"wp-block-heading\" style=\"font-style:normal;font-weight:400\"><a href=\"https:\/\/clap.univ-eiffel.fr\/videos\/blandine-gadegbeku\/\" target=\"_blank\" rel=\"noreferrer noopener\">20 ans de recueil de donn\u00e9es en traumatologie routi\u00e8re<\/a>\u00a0\u2013 B. Gadegbeku, ing\u00e9nieur de recherche, coordinatrice statistique et administrative du Registre, Umrestte-Ifsttar, Bron<\/h5>\n\n\n\n<h2 class=\"wp-block-heading\" style=\"font-style:normal;font-weight:400\"><strong>Le Registre : une nouvelle vision de l\u2019accidentologie routi\u00e8re<\/strong><\/h2>\n\n\n\n<h3 class=\"wp-block-heading\" style=\"font-style:normal;font-weight:400\"><strong>Session 1 : Une meilleure connaissance des traumatismes routiers pour mieux les pr\u00e9venir<\/strong><\/h3>\n\n\n\n<h5 class=\"wp-block-heading\" style=\"font-style:normal;font-weight:400\"><a href=\"https:\/\/clap.univ-eiffel.fr\/videos\/wouter-van-den-berghe\/\" target=\"_blank\" rel=\"noreferrer noopener\">Introduction\u00a0<\/a>par W. Van den Berghe, directeur du centre de connaissance en s\u00e9curit\u00e9 routi\u00e8re, IBSR, Bruxelles<\/h5>\n\n\n\n<h5 class=\"wp-block-heading\" style=\"font-style:normal;font-weight:400\"><a href=\"https:\/\/clap.univ-eiffel.fr\/videos\/amina-ndiaye\/\" target=\"_blank\" rel=\"noreferrer noopener\">Les bless\u00e9s dans le Rh\u00f4ne<\/a>\u00a0\u2013 A. Ndiaye, ing\u00e9nieur de recherche, coordinatrice m\u00e9dicale du Registre, Umrestte-Ifsttar, Bron<\/h5>\n\n\n\n<h5 class=\"wp-block-heading\" style=\"font-style:normal;font-weight:400\"><a href=\"https:\/\/clap.univ-eiffel.fr\/videos\/marc-chambost\/\" target=\"_blank\" rel=\"noreferrer noopener\">Identification des causes de la mort des victimes d\u00e9c\u00e9d\u00e9es<\/a>\u00a0\u2013 M. Chambost, m\u00e9decin l\u00e9giste, h\u00f4pital Nord-Ouest, Villefranche\/Sa\u00f4ne<\/h5>\n\n\n\n<h5 class=\"wp-block-heading\" style=\"font-style:normal;font-weight:400\"><a href=\"https:\/\/clap.univ-eiffel.fr\/videos\/thomas-lieutaud\/\" target=\"_blank\" rel=\"noreferrer noopener\">Les l\u00e9sions rares et graves<\/a>\u00a0\u2013 T. Lieutaud, m\u00e9decin anesth\u00e9siste-r\u00e9animateur, h\u00f4pital de Bourg-en-Bresse<\/h5>\n\n\n\n<h5 class=\"wp-block-heading\" style=\"font-style:normal;font-weight:400\"><a href=\"https:\/\/clap.univ-eiffel.fr\/videos\/emmanuelle-amoros\/\" target=\"_blank\" rel=\"noreferrer noopener\">Estimation du nombre de bless\u00e9s en France<\/a>\u00a0\u2013 E. Amoros, charg\u00e9e de recherche, Umrestte-Ifsttar, Bron<\/h5>\n\n\n\n<h5 class=\"wp-block-heading\" style=\"font-style:normal;font-weight:400\"><a href=\"https:\/\/clap.univ-eiffel.fr\/videos\/etienne-javouhey\/\" target=\"_blank\" rel=\"noreferrer noopener\">Pr\u00e9dire les l\u00e9sions pour mieux orienter<\/a>\u00a0\u2013 E. Javouhey, PUPH r\u00e9animation p\u00e9diatrique, HCL, Pr\u00e9sident de l\u2019Arvac<\/h5>\n\n\n\n<h5 class=\"wp-block-heading\" style=\"font-style:normal;font-weight:400\"><a href=\"https:\/\/clap.univ-eiffel.fr\/videos\/jean-louis-martin\/\" target=\"_blank\" rel=\"noreferrer noopener\">\u00c9valuation des dispositifs de protection<\/a>\u00a0\u2013 J-L. Martin, charg\u00e9 de recherche, Umrestte-Ifsttar, Bron<\/h5>\n\n\n\n<h3 class=\"wp-block-heading\" style=\"font-style:normal;font-weight:400\">&nbsp;<\/h3>\n\n\n\n<h3 class=\"wp-block-heading\" style=\"font-style:normal;font-weight:400\"><strong><a href=\"https:\/\/www.revarrhone.org\/prix-arvac-2015\/\">Prix Arvac 2015 \u2013 pr\u00e9sentation des travaux<\/a><\/strong><\/h3>\n\n\n\n<h3 class=\"wp-block-heading\" style=\"font-style:normal;font-weight:400\"><strong>Session 2 : Une meilleure connaissance des causes des accidents pour mieux les pr\u00e9venir<\/strong><\/h3>\n\n\n\n<h5 class=\"wp-block-heading\" style=\"font-style:normal;font-weight:400\"><a href=\"https:\/\/clap.univ-eiffel.fr\/videos\/catherine-perez\/\" target=\"_blank\" rel=\"noreferrer noopener\">Introduction<\/a>\u00a0par C. Perez, responsable du syst\u00e8me d\u2019information de surveillance des traumatismes, Agence de sant\u00e9 publique, Barcelone<\/h5>\n\n\n\n<h5 class=\"wp-block-heading\" style=\"font-style:normal;font-weight:400\"><a href=\"https:\/\/clap.univ-eiffel.fr\/videos\/barbara-charbotel\/\" target=\"_blank\" rel=\"noreferrer noopener\">Les d\u00e9placements en lien avec le travail<\/a>\u00a0\u2013 B. Charbotel, PUPH m\u00e9decine du travail, Umrestte-Universit\u00e9 Lyon1<\/h5>\n\n\n\n<h5 class=\"wp-block-heading\" style=\"font-style:normal;font-weight:400\"><a href=\"https:\/\/clap.univ-eiffel.fr\/videos\/sylviane-lafont\/\" target=\"_blank\" rel=\"noreferrer noopener\">Les usagers vuln\u00e9rables<\/a>\u00a0\u2013 S. Lafont, charg\u00e9e de recherche, Umrestte-Ifsttar, Bron<\/h5>\n\n\n\n<h5 class=\"wp-block-heading\" style=\"font-style:normal;font-weight:400\"><a href=\"https:\/\/clap.univ-eiffel.fr\/videos\/mouloud-haddak\/\" target=\"_blank\" rel=\"noreferrer noopener\">In\u00e9galit\u00e9s sociales et transports<\/a>\u00a0\u2013 M. Haddak, ing\u00e9nieur de recherche, Umrestte-Ifsttar, Bron<\/h5>\n\n\n\n<h3 class=\"wp-block-heading\" style=\"font-style:normal;font-weight:400\">&nbsp;<\/h3>\n\n\n\n<h3 class=\"wp-block-heading\" style=\"font-style:normal;font-weight:400\"><strong>Session 3 : Une meilleure connaissance du devenir des victimes et de leurs proches<\/strong><\/h3>\n\n\n\n<h5 class=\"wp-block-heading\" style=\"font-style:normal;font-weight:400\"><a href=\"https:\/\/clap.univ-eiffel.fr\/videos\/emmanuel-lagarde\/\" target=\"_blank\" rel=\"noreferrer noopener\">Introduction<\/a>\u00a0par E. Lagarde, directeur de recherche, Inserm U897, Bordeaux<\/h5>\n\n\n\n<h5 class=\"wp-block-heading\" style=\"font-style:normal;font-weight:400\"><a href=\"https:\/\/clap.univ-eiffel.fr\/videos\/karim-tazarourte\/\" target=\"_blank\" rel=\"noreferrer noopener\">R\u00e9seaux et parcours de soins d\u2019un patient traumatis\u00e9<\/a>\u00a0\u2013 K. Tazarourte, PUPH chef de service p\u00f4le des urgences, groupement hospitalier Edouard-Herriot, Lyon<\/h5>\n\n\n\n<h5 class=\"wp-block-heading\" style=\"font-style:normal;font-weight:400\"><a href=\"https:\/\/clap.univ-eiffel.fr\/videos\/mireille-chiron\/\" target=\"_blank\" rel=\"noreferrer noopener\">Les s\u00e9quelles pr\u00e9visibles<\/a>\u00a0\u2013 M. Chiron, directrice de recherche, retrait\u00e9e, Umrestte-Ifsttar, Bron<\/h5>\n\n\n\n<h5 class=\"wp-block-heading\" style=\"font-style:normal;font-weight:400\"><a href=\"https:\/\/clap.univ-eiffel.fr\/videos\/martine-hours\/\" target=\"_blank\" rel=\"noreferrer noopener\">Devenir des victimes et impact sur les familles<\/a>\u00a0\u2013 M. Hours, directrice de recherche, Umrestte-Ifsttar, Bron<\/h5>\n\n\n\n<h2 class=\"wp-block-heading\" style=\"font-style:normal;font-weight:400\"><strong>La place du Registre dans la connaissance de la s\u00e9curit\u00e9 routi\u00e8re de demain<\/strong><\/h2>\n\n\n\n<h5 class=\"wp-block-heading\" style=\"font-style:normal;font-weight:400\"><a href=\"https:\/\/clap.univ-eiffel.fr\/videos\/emmanuel-barbe\/\" target=\"_blank\" rel=\"noreferrer noopener\">Cl\u00f4ture de la journ\u00e9e<\/a>\u00a0par Monsieur E. Barbe, d\u00e9l\u00e9gu\u00e9 interminist\u00e9riel \u00e0 la s\u00e9curit\u00e9 routi\u00e8re.<\/h5>\n","protected":false},"excerpt":{"rendered":"<p>A l\u2019occasion des 20 ans du Registre, l\u2019Ifsttar, l\u2019Umrestte et l\u2019Arvac ont coorganis\u00e9 le 14 octobre 2015, un colloque r\u00e9unissant des scientifiques, des chercheurs, des cliniciens, des d\u00e9cideurs et acteurs en s\u00e9curit\u00e9 routi\u00e8re, pour une journ\u00e9e scientifique riche en \u00e9changes. &hellip; <\/p>\n","protected":false},"author":1,"featured_media":0,"comment_status":"closed","ping_status":"open","sticky":false,"template":"","format":"standard","meta":{"footnotes":""},"categories":[14],"tags":[],"class_list":["post-1602","post","type-post","status-publish","format-standard","hentry","category-colloques","latest_post"],"_links":{"self":[{"href":"https:\/\/www.revarrhone.org\/index.php\/wp-json\/wp\/v2\/posts\/1602","targetHints":{"allow":["GET"]}}],"collection":[{"href":"https:\/\/www.revarrhone.org\/index.php\/wp-json\/wp\/v2\/posts"}],"about":[{"href":"https:\/\/www.revarrhone.org\/index.php\/wp-json\/wp\/v2\/types\/post"}],"author":[{"embeddable":true,"href":"https:\/\/www.revarrhone.org\/index.php\/wp-json\/wp\/v2\/users\/1"}],"replies":[{"embeddable":true,"href":"https:\/\/www.revarrhone.org\/index.php\/wp-json\/wp\/v2\/comments?post=1602"}],"version-history":[{"count":3,"href":"https:\/\/www.revarrhone.org\/index.php\/wp-json\/wp\/v2\/posts\/1602\/revisions"}],"predecessor-version":[{"id":1960,"href":"https:\/\/www.revarrhone.org\/index.php\/wp-json\/wp\/v2\/posts\/1602\/revisions\/1960"}],"wp:attachment":[{"href":"https:\/\/www.revarrhone.org\/index.php\/wp-json\/wp\/v2\/media?parent=1602"}],"wp:term":[{"taxonomy":"category","embeddable":true,"href":"https:\/\/www.revarrhone.org\/index.php\/wp-json\/wp\/v2\/categories?post=1602"},{"taxonomy":"post_tag","embeddable":true,"href":"https:\/\/www.revarrhone.org\/index.php\/wp-json\/wp\/v2\/tags?post=1602"}],"curies":[{"name":"wp","href":"https:\/\/api.w.org\/{rel}","templated":true}]}}